{"id":3659,"date":"2020-05-15T19:49:30","date_gmt":"2020-05-15T11:49:30","guid":{"rendered":"https:\/\/yanntardis.com\/?p=3659"},"modified":"2020-05-15T19:49:30","modified_gmt":"2020-05-15T11:49:30","slug":"%e9%bc%a0%e6%98%a5%e6%88%8f%e5%89%a7%e6%8c%91%e6%88%98%e6%9c%88%e6%b5%b7%e5%a4%96%e6%b3%a2-cycle-luigi-pirandello","status":"publish","type":"post","link":"https:\/\/yanntardis.com\/?p=3659","title":{"rendered":"\u9f20\u6625\u620f\u5267\u6311\u6218\u6708\u6d77\u5916\u6ce2 Cycle Luigi Pirandello"},"content":{"rendered":"\n<figure class=\"wp-block-image is-resized\"><img loading=\"lazy\" decoding=\"async\" src=\"https:\/\/yanntardis.com\/wp-content\/uploads\/2020\/05\/geant.jpg\" alt=\"\" class=\"wp-image-3660\" width=\"500\" height=\"332\" srcset=\"https:\/\/yanntardis.com\/wp-content\/uploads\/2020\/05\/geant.jpg 567w, https:\/\/yanntardis.com\/wp-content\/uploads\/2020\/05\/geant-300x199.jpg 300w\" sizes=\"auto, (max-width: 500px) 100vw, 500px\" \/><\/figure>\n\n\n\n<p><strong><em>Les G\u00e9ants de la montagne<\/em><\/strong><\/p>\n\n\n\n<p><strong><em>\u9ad8\u5c71\u5de8\u4eba<\/em><\/strong><\/p>\n\n\n\n<p><strong><em>2020.5.10<\/em><\/strong><\/p>\n\n\n\n<p>\u6cd5\u56fdOd\u00e9on\u5267\u9662\u5b98\u7f51\u7684Th\u00e9\u00e2tre et canap\u00e9\u7cfb\u5217\uff0c\u6700\u8fd1\u63a8\u51fa\u7684\u662fCycle Luigi Pirandello\uff0c\u4e5f\u90fd\u662fSt\u00e9phane Braunschweig\u5bfc\u6f14\u7684\u4f5c\u54c1\u3002\u6211\u7684\u6d77\u5916\u7248\u7684\u75ab\u60c5\u671f\u95f4\u620f\u5267\u6311\u6218\u5df2\u7ecf\u6301\u7eed\u4e8650\u5929\u51fa\u5934\u4e86\uff0c\u5c31\u6b64\u7ed3\u675f\u5427\uff0c\u73b0\u5728\u90fd\u5df2\u7ecf\u770b\u5f97\u6709\u70b9\u9ebb\u6728\u4e86\u3002\u5c31\u6bd4\u5982\u76ae\u5170\u5fb7\u5a04\u7684\u8fd9\u4e2a\u7cfb\u5217\uff0c\u5267\u60c5\u5728\u524d\u8fdb\u3001\u58f0\u97f3\u753b\u9762\u8d70\u8fc7\uff0c\u5374\u6ca1\u6709\u7559\u4e0b\u4ec0\u4e48\u5370\u8c61\u3002\u6240\u4ee5\u53ea\u80fd\u7279\u522b\u7b80\u5355\u5730\u5199\u4e00\u5199\u3002<\/p>\n\n\n\n<p>\u8fd9\u4e2a\u6545\u4e8b\u662f\u4e00\u7fa4\u4eba\uff0c\u6765\u5230\u4e00\u4e2a\u795e\u5947\uff08\u5947\u602a\uff09\u7684\u56fd\u5ea6\u3002\u6700\u540e\u7684\u610f\u601d\u662f\u60c5\u613f\u8eab\u4efd\u4ea4\u6362\u7559\u4e0b\u6765\uff0c\u7559\u4e0b\u6765\u5730\u4f9d\u636e\u662f\u4e3b\u4eba\u516c\u9886\u609f\u201c\u91cd\u8981\u7684\u4e0d\u662f\u662f\u4ec0\u4e48\u800c\u662f\u6211\u89c9\u5f97\u662f\u4ec0\u4e48\u201d\u3002<\/p>\n\n\n\n<p><em>Tag: Luigi Pirandello, St\u00e9phane Braunschweig, Th\u00e9\u00e2tre national de la Colline,<\/em><\/p>\n\n\n\n<figure class=\"wp-block-image is-resized\"><img loading=\"lazy\" decoding=\"async\" src=\"https:\/\/yanntardis.com\/wp-content\/uploads\/2020\/05\/six.jpg\" alt=\"\" class=\"wp-image-3661\" width=\"500\" height=\"332\" srcset=\"https:\/\/yanntardis.com\/wp-content\/uploads\/2020\/05\/six.jpg 567w, https:\/\/yanntardis.com\/wp-content\/uploads\/2020\/05\/six-300x199.jpg 300w\" sizes=\"auto, (max-width: 500px) 100vw, 500px\" \/><\/figure>\n\n\n\n<p><strong><em>Six personnages en qu\u00eate d\u2019auteur<\/em><\/strong><\/p>\n\n\n\n<p><strong><em>\u516d\u4e2a\u5bfb\u627e\u5267\u4f5c\u5bb6\u7684\u89d2\u8272<\/em><\/strong><\/p>\n\n\n\n<p><strong><em>2020.5.11<\/em><\/strong><\/p>\n\n\n\n<p>\u6295\u5f71\u5c4f\u5e55\uff0c\u524d\u9762\u6709\u6295\u5c4f\u3001\u6700\u540e\u597d\u50cf\u5012\u56de\u6765\u7684\u4e16\u754c\uff08\u4ece\u540e\u9762\u7684\u95e8\u8d70\u51fa\u6765\u3001\u6700\u540e\u5899\u5012\u584c\u6709\u4e2a\u4eba\u62ff\u7740\u5267\u672c\u6234\u7740\u76ae\u5170\u5fb7\u5a04\u7684\u9762\u5177\u51fa\u73b0\u3002<\/p>\n\n\n\n<p>\u5b9e\u5728\u4e0d\u9ad8\u5174\u7ee7\u7eed\u5206\u6790\u4e86\uff0c\u4ee5\u524d\u770b\u8fc7\u4e00\u7248\u590d\u65e6\u5927\u5b66\u5b66\u751f\u7684\u6f14\u51fa\uff0c\u867d\u7136\u9053\u5177\u8868\u6f14\u4e0a\u8fd8\u662f\u5f88\u7a1a\u5ae9\uff0c\u4f46\u662f\u4ece\u8fd9\u4e2a\u6545\u4e8b\u5e26\u7ed9\u6211\u7684\u611f\u89c9\u5176\u5b9e\u5e76\u6ca1\u6709\u6bd4\u8fd9\u90e8\u6cd5\u56fd\u6b63\u89c4\u5267\u9662\u7684\u5dee\u591a\u5c11\u3002<\/p>\n\n\n\n<p>\u770b\u5b8c\u8fc7\u4e86\u51e0\u5929\uff0c\u6211\u8fd8\u505a\u53e6\u4e00\u4e2a\u6709\u4e00\u70b9\u70b9\u76f8\u5173\u7684\u68a6\u3002\u68a6\u91cc\u9762\u4e5f\u662f\u6709\u4e00\u7fa4\u6765\u627e\u4e3b\u4eba\u516c\u7684\uff0c\u5176\u4e2d\u6709\u4e00\u4e2a\u8001\u4eba\u548c\u4e09\u6761\u72d7\u3002\u8fd9\u4e9b\u751f\u7269\u5176\u5b9e\u90fd\u662f\u6765\u81ea\u4e8e\u672a\u6765\uff0c\u8001\u4eba\u662f\u5e74\u8001\u540e\u7684\u4e3b\u4eba\u516c\uff0c\u4e09\u6761\u72d7\u662f\u4e3b\u4eba\u516c\u7684\u59bb\u5b50\u3001\u513f\u5b50\u548c\u5b59\u5b50\u3002\u4ed6\u4eec\u4e4b\u6240\u4ee5\u4ee5\u72d7\u7684\u5f62\u8c61\u51fa\u73b0\uff0c\u662f\u4e3a\u4e86\u4e0d\u8ba9\u4ed6\u4eec\u628a\u65f6\u95f4\u7a7f\u8d8a\u7684\u4e8b\u60c5\u8bb2\u51fa\u6765\uff0c\u800c\u8001\u4eba\u8fd8\u662f\u53ef\u4ee5\u8bb2\u8bdd\u7684\u4eba\u662f\u56e0\u4e3a\u4ed6\u81ea\u5df1\u4e0d\u4f1a\u6233\u7834\u81ea\u5df1\u3002<\/p>\n\n\n\n<p><em>Tag: Luigi Pirandello, St\u00e9phane Braunschweig, Th\u00e9\u00e2tre national de la Colline,<\/em><\/p>\n\n\n\n<figure class=\"wp-block-image is-resized\"><img loading=\"lazy\" decoding=\"async\" src=\"https:\/\/yanntardis.com\/wp-content\/uploads\/2020\/05\/Vetir-ceux-qui-sont-nus-de-Luigi-Pirandello-1024x576.jpg\" alt=\"\" class=\"wp-image-3662\" width=\"500\" height=\"281\" srcset=\"https:\/\/yanntardis.com\/wp-content\/uploads\/2020\/05\/Vetir-ceux-qui-sont-nus-de-Luigi-Pirandello-1024x576.jpg 1024w, https:\/\/yanntardis.com\/wp-content\/uploads\/2020\/05\/Vetir-ceux-qui-sont-nus-de-Luigi-Pirandello-300x169.jpg 300w, https:\/\/yanntardis.com\/wp-content\/uploads\/2020\/05\/Vetir-ceux-qui-sont-nus-de-Luigi-Pirandello-768x432.jpg 768w, https:\/\/yanntardis.com\/wp-content\/uploads\/2020\/05\/Vetir-ceux-qui-sont-nus-de-Luigi-Pirandello.jpg 1280w\" sizes=\"auto, (max-width: 500px) 100vw, 500px\" \/><\/figure>\n\n\n\n<p><strong><em>V\u00eatir ceux qui sont nus<\/em><\/strong><\/p>\n\n\n\n<p><strong><em>\u7ed9\u8d64\u8eab\u88f8\u4f53\u8005\u7a7f\u4e0a\u8863\u670d<\/em><\/strong><\/p>\n\n\n\n<p><strong><em>2020.5.12<\/em><\/strong><\/p>\n\n\n\n<p>\u770b\u5f97\u7cca\u91cc\u7cca\u6d82\u7684\uff0c\u5c31\u50cf\u4e0a\u9762\u90a3\u5f20\u5267\u7167\u4e00\u6837\u6a21\u7cca\u3002<\/p>\n\n\n\n<p>\u597d\u50cf\u662f\u5973\u4e3b\u8981\u6b7b\u4e0d\u6d3b\u7684\u3002\u7ed9\u6211\u7684\u5370\u8c61\u8fd9\u4e2a\u5973\u4e3b\u86ee\u7eff\u8336\u7684\uff0c\u4e00\u5f00\u59cb\u597d\u50cf\u5f88\u7fb8\u5f31\u53ef\u601c\uff0c\u7136\u540e\u5176\u5b9e\u662f\u5fc3\u601d\u8d85\u591a\u7684\u6b65\u6b65\u4e3a\u8425\uff0c\u7136\u540e\u5bf9\u5907\u80ce\u597d\u50cf\u662f\u5907\u80ce\u4e0a\u8f88\u5b50\u6b20\u5979\u7684\u3002<\/p>\n\n\n\n<p><em>Tag: Luigi Pirandello, St\u00e9phane Braunschweig, Th\u00e9\u00e2tre national de Strasbourg,<\/em><\/p>\n","protected":false},"excerpt":{"rendered":"<p>Les G\u00e9ants de la montagne \u9ad8\u5c71\u5de8\u4eba 2020.5.10 \u6cd5\u56fdOd\u00e9on\u5267\u9662\u5b98\u7f51\u7684Th\u00e9\u00e2tre et canap\u00e9\u7cfb\u5217\uff0c\u6700\u8fd1\u63a8\u51fa\u7684\u662fCycle Luigi Pirandello\uff0c\u4e5f\u90fd\u662fSt\u00e9phane Braunschweig\u5bfc\u6f14\u7684\u4f5c\u54c1\u3002\u6211\u7684\u6d77\u5916\u7248\u7684\u75ab\u60c5\u671f\u95f4\u620f\u5267\u6311\u6218\u5df2\u7ecf\u6301\u7eed\u4e8650\u5929\u51fa\u5934\u4e86\uff0c\u5c31\u6b64\u7ed3\u675f\u5427\uff0c\u73b0\u5728\u90fd\u5df2\u7ecf\u770b\u5f97\u6709\u70b9\u9ebb\u6728\u4e86\u3002\u5c31\u6bd4\u5982\u76ae\u5170\u5fb7\u5a04\u7684\u8fd9\u4e2a\u7cfb\u5217\uff0c\u5267\u60c5\u5728\u524d\u8fdb\u3001\u58f0\u97f3\u753b\u9762\u8d70\u8fc7\uff0c\u5374\u6ca1\u6709\u7559\u4e0b\u4ec0\u4e48\u5370\u8c61\u3002\u6240\u4ee5\u53ea\u80fd\u7279\u522b\u7b80\u5355\u5730\u5199\u4e00\u5199\u3002 \u8fd9\u4e2a\u6545\u4e8b\u662f\u4e00\u7fa4\u4eba\uff0c\u6765\u5230\u4e00\u4e2a\u795e\u5947\uff08\u5947\u602a\uff09\u7684\u56fd\u5ea6\u3002\u6700\u540e\u7684\u610f\u601d\u662f\u60c5\u613f\u8eab\u4efd\u4ea4\u6362\u7559\u4e0b\u6765\uff0c\u7559\u4e0b\u6765\u5730\u4f9d\u636e\u662f\u4e3b\u4eba\u516c\u9886\u609f\u201c\u91cd\u8981\u7684\u4e0d\u662f\u662f\u4ec0\u4e48\u800c\u662f\u6211\u89c9\u5f97\u662f\u4ec0\u4e48\u201d\u3002 Tag: Luigi Pirandello, St\u00e9phane Braunschweig, Th\u00e9\u00e2tre national de la Colline, Six personnages en qu\u00eate d\u2019auteur \u516d\u4e2a\u5bfb\u627e\u5267\u4f5c\u5bb6\u7684\u89d2\u8272 2020.5.11 \u6295\u5f71\u5c4f\u5e55\uff0c\u524d\u9762\u6709\u6295\u5c4f\u3001\u6700\u540e\u597d\u50cf\u5012\u56de\u6765\u7684\u4e16\u754c\uff08\u4ece\u540e\u9762\u7684\u95e8\u8d70\u51fa\u6765\u3001\u6700\u540e\u5899\u5012\u584c\u6709\u4e2a\u4eba\u62ff\u7740\u5267\u672c\u6234\u7740\u76ae\u5170\u5fb7\u5a04\u7684\u9762\u5177\u51fa\u73b0\u3002 \u5b9e\u5728\u4e0d\u9ad8\u5174\u7ee7\u7eed\u5206\u6790\u4e86\uff0c\u4ee5\u524d\u770b\u8fc7\u4e00\u7248\u590d\u65e6\u5927\u5b66\u5b66\u751f\u7684\u6f14\u51fa\uff0c\u867d\u7136\u9053\u5177\u8868\u6f14\u4e0a\u8fd8\u662f\u5f88\u7a1a\u5ae9\uff0c\u4f46\u662f\u4ece\u8fd9\u4e2a\u6545\u4e8b\u5e26\u7ed9\u6211\u7684\u611f\u89c9\u5176\u5b9e\u5e76\u6ca1\u6709\u6bd4\u8fd9\u90e8\u6cd5\u56fd\u6b63\u89c4\u5267\u9662\u7684\u5dee\u591a\u5c11\u3002 \u770b\u5b8c\u8fc7\u4e86\u51e0\u5929\uff0c\u6211\u8fd8\u505a\u53e6\u4e00\u4e2a\u6709\u4e00\u70b9\u70b9\u76f8\u5173\u7684\u68a6\u3002\u68a6\u91cc\u9762\u4e5f\u662f\u6709\u4e00\u7fa4\u6765\u627e\u4e3b\u4eba\u516c\u7684\uff0c\u5176\u4e2d\u6709\u4e00\u4e2a\u8001\u4eba\u548c\u4e09\u6761\u72d7\u3002\u8fd9\u4e9b\u751f\u7269\u5176\u5b9e\u90fd\u662f\u6765\u81ea\u4e8e\u672a\u6765\uff0c\u8001\u4eba\u662f\u5e74\u8001\u540e\u7684\u4e3b\u4eba\u516c\uff0c\u4e09\u6761\u72d7\u662f\u4e3b\u4eba\u516c\u7684\u59bb\u5b50\u3001\u513f\u5b50\u548c\u5b59\u5b50\u3002\u4ed6\u4eec\u4e4b\u6240\u4ee5\u4ee5\u72d7\u7684\u5f62\u8c61\u51fa\u73b0\uff0c\u662f\u4e3a\u4e86\u4e0d\u8ba9\u4ed6\u4eec\u628a\u65f6\u95f4\u7a7f\u8d8a\u7684\u4e8b\u60c5\u8bb2\u51fa\u6765\uff0c\u800c\u8001\u4eba\u8fd8\u662f\u53ef\u4ee5\u8bb2\u8bdd\u7684\u4eba\u662f\u56e0\u4e3a\u4ed6\u81ea\u5df1\u4e0d\u4f1a\u6233\u7834\u81ea\u5df1\u3002 Tag: Luigi Pirandello, St\u00e9phane Braunschweig, Th\u00e9\u00e2tre national de la Colline, V\u00eatir ceux qui sont nus \u7ed9\u8d64\u8eab\u88f8\u4f53\u8005\u7a7f\u4e0a\u8863\u670d 2020.5.12 \u770b\u5f97\u7cca\u91cc\u7cca\u6d82\u7684\uff0c\u5c31\u50cf\u4e0a\u9762\u90a3\u5f20\u5267\u7167\u4e00\u6837\u6a21\u7cca\u3002 \u597d\u50cf\u662f\u5973\u4e3b\u8981\u6b7b\u4e0d\u6d3b\u7684\u3002\u7ed9\u6211\u7684\u5370\u8c61\u8fd9\u4e2a\u5973\u4e3b\u86ee\u7eff\u8336\u7684\uff0c\u4e00\u5f00\u59cb\u597d\u50cf\u5f88\u7fb8\u5f31\u53ef\u601c\uff0c\u7136\u540e\u5176\u5b9e\u662f\u5fc3\u601d\u8d85\u591a\u7684\u6b65\u6b65\u4e3a\u8425\uff0c\u7136\u540e\u5bf9\u5907\u80ce\u597d\u50cf\u662f\u5907\u80ce\u4e0a\u8f88\u5b50\u6b20\u5979\u7684\u3002 Tag: Luigi [&hellip;]<\/p>\n","protected":false},"author":1,"featured_media":0,"comment_status":"closed","ping_status":"open","sticky":false,"template":"","format":"standard","meta":{"footnotes":""},"categories":[488],"tags":[1305,714,1304,1302,1324,1303],"class_list":["post-3659","post","type-post","status-publish","format-standard","hentry","category-488","tag-lodeon-theatre-de-leurope","tag-luigi-pirandello","tag-stephane-braunschweig","tag-theatrechallenge2020s","tag-theatre-national-de-la-colline","tag-theatre-national-de-strasbourg"],"_links":{"self":[{"href":"https:\/\/yanntardis.com\/index.php?rest_route=\/wp\/v2\/posts\/3659","targetHints":{"allow":["GET"]}}],"collection":[{"href":"https:\/\/yanntardis.com\/index.php?rest_route=\/wp\/v2\/posts"}],"about":[{"href":"https:\/\/yanntardis.com\/index.php?rest_route=\/wp\/v2\/types\/post"}],"author":[{"embeddable":true,"href":"https:\/\/yanntardis.com\/index.php?rest_route=\/wp\/v2\/users\/1"}],"replies":[{"embeddable":true,"href":"https:\/\/yanntardis.com\/index.php?rest_route=%2Fwp%2Fv2%2Fcomments&post=3659"}],"version-history":[{"count":0,"href":"https:\/\/yanntardis.com\/index.php?rest_route=\/wp\/v2\/posts\/3659\/revisions"}],"wp:attachment":[{"href":"https:\/\/yanntardis.com\/index.php?rest_route=%2Fwp%2Fv2%2Fmedia&parent=3659"}],"wp:term":[{"taxonomy":"category","embeddable":true,"href":"https:\/\/yanntardis.com\/index.php?rest_route=%2Fwp%2Fv2%2Fcategories&post=3659"},{"taxonomy":"post_tag","embeddable":true,"href":"https:\/\/yanntardis.com\/index.php?rest_route=%2Fwp%2Fv2%2Ftags&post=3659"}],"curies":[{"name":"wp","href":"https:\/\/api.w.org\/{rel}","templated":true}]}}