{"id":3593,"date":"2020-04-12T15:58:03","date_gmt":"2020-04-12T07:58:03","guid":{"rendered":"https:\/\/yanntardis.com\/?p=3593"},"modified":"2020-04-14T08:51:38","modified_gmt":"2020-04-14T00:51:38","slug":"%e9%bc%a0%e6%98%a5%e6%88%8f%e5%89%a7%e6%8c%91%e6%88%98%e6%9c%88%e6%b5%b7%e5%a4%96%e6%b3%a2-cycle-moliere","status":"publish","type":"post","link":"https:\/\/yanntardis.com\/?p=3593","title":{"rendered":"\u9f20\u6625\u620f\u5267\u6311\u6218\u6708\u6d77\u5916\u6ce2 Cycle Moli\u00e8re"},"content":{"rendered":"\n<p>\u6cd5\u56fdOd\u00e9on\u5267\u9662\u5b98\u7f51\u5728\u75ab\u60c5\u671f\u95f4\u63a8\u51fa\u4e86Th\u00e9\u00e2tre et canap\u00e9\u7cfb\u5217\uff0c\u628a\u5f88\u591a\u672c\u9662\u5bfc\u6f14, St\u00e9phane Braunschweig\u7684\u4f5c\u54c1\u514d\u8d39\u653e\u5230\u7ebf\u4e0a\u3002\u9996\u5148\u63a8\u51fa\u662f\u83ab\u91cc\u54c0\u7684\u7cfb\u5217\u4f5c\u54c1\u4e09\u90e8\uff0c\u5176\u4e2d\u4e24\u90e8\u662fSt\u00e9phane Braunschweig\u5728Th\u00e9\u00e2tre national de Strasbourg\u7684\u65f6\u5019\u6267\u5bfc\u7684\u4f5c\u54c1\u3002\u66f4\u503c\u5f97\u4e00\u63d0\u7684\u662f\uff0c\u4e09\u90e8\u7684\u7537\u4e3b\u90fd\u662f\u540c\u4e00\u4f4d\u6f14\u5458Claude Duparfait\u51fa\u6f14\u7684\uff0c\u4ece2004\u5e74\u300a\u6068\u4e16\u8005\u300b\u7684Alceste\u52302008\u5e74\u300a\u4f2a\u541b\u5b50\u300b\u7684Orgon\u52302018\u5e74\u300a\u592a\u592a\u5b66\u5802\u300b\u7684Arnolphe\uff0c\u6b63\u597d\u548c\u90a3\u4e48\u591a\u5e74\u6765\u6f14\u5458\u7684\u5e74\u9f84\u589e\u957f\u76f8\u543b\u5408\u3002<\/p>\n\n\n\n<p>\u8fd9\u4e09\u90e8\u6211\u4ee5\u524d\u90fd\u770b\u8fc7\uff0cCOM\u00c9DIE-FRAN\u00c7AISE\u7248\u672c\u7684\u300a\u6068\u4e16\u8005\u300b\u548c\u7acb\u9676\u5b9b\u56fd\u5bb6\u8bdd\u5267\u9662\u7248\u672c\u7684\u300a\u4f2a\u541b\u5b50\u300b\u771f\u7684\u592a\u597d\u770b\u4e86\uff0c\u5df2\u7ecf\u5f88\u96be\u8d85\u8d8a\u4e86\uff0c\u53cd\u5012\u662f\u6cd5\u56fdOd\u00e9on\u5267\u9662\u7248\u672c\u7684\u300a\u592a\u592a\u5b66\u5802\u300b\u5206\u5206\u949f\u6bd4Roumanoff\u5267\u56e2\u7684\u5f3a\u3002<\/p>\n\n\n\n<figure class=\"wp-block-image is-resized\"><img loading=\"lazy\" decoding=\"async\" src=\"https:\/\/yanntardis.com\/wp-content\/uploads\/2020\/04\/file_520_Tartuffe2.jpg\" alt=\"\" class=\"wp-image-3594\" width=\"500\" height=\"329\" srcset=\"https:\/\/yanntardis.com\/wp-content\/uploads\/2020\/04\/file_520_Tartuffe2.jpg 656w, https:\/\/yanntardis.com\/wp-content\/uploads\/2020\/04\/file_520_Tartuffe2-300x198.jpg 300w\" sizes=\"auto, (max-width: 500px) 100vw, 500px\" \/><\/figure>\n\n\n\n<p><strong><em>Tartuffe<\/em><\/strong><\/p>\n\n\n\n<p><strong><em>2020.4.4<\/em><\/strong><\/p>\n\n\n\n<p>\u821e\u53f0\u597d\u773c\u719f\u554a\uff0c\u50cf\u76ae\u5a1c\u7684\u4e00\u652f\u821e\u8e48\u3002<\/p>\n\n\n\n<p>\u6709\u4e00\u4e2a\u91cd\u70b9\u662fTurtuffe\u662f\u6559\u804c\u4eba\u5458\uff0c\u6216\u81f3\u5c11\u662f\u628a\u81ea\u5df1\u548c\u5b97\u6559\u7d27\u5bc6\u76f8\u8054\u7cfb\u7684\u3002\u4f2a\u541b\u5b50\u53ef\u4ee5\u901a\u8fc7\u638c\u6743\u4e00\u65b9\u7684\u52bf\u529b\u6765\u7a7f\u900f\u8fbe\u5230\u81ea\u5df1\u7684\u5229\u76ca\u3002\u4f17\u4eba\u6e05\u9192\uff0c\u552f\u4e00\u6267\u8ff7\u4e0d\u609f\u7684\u662f\u7537\u4e3b\u4ebaArnolphe\u3002\u5982\u679c\u7537\u4e3b\u4eba\u4e0d\u4fe1\u6559\uff0c\u5c31\u4e0d\u4f1a\u4e0a\u5f53\u90a3\u4e48\u6df1\uff1f<\/p>\n\n\n\n<p>\u95ee\u9898\u4e0d\u5728\u4e8e\u5982\u4f55\u4e0d\u6210\u4e3a\u4f2a\u541b\u5b50\uff0c\u800c\u662f\u5982\u4f55\u8bc6\u7834\u4f2a\u541b\u5b50\u5bf9\u4ed8\u4f2a\u541b\u5b50\u3002<\/p>\n\n\n\n<p>\u7ed3\u5c40\u6700\u540e10\u5206\u949f\u9006\u8f6c\uff0c\u7528\u4e00\u6bb5\u89c6\u9891\u663e\u793a\u5929\u4e0a\u98de\u6765\u7684\u6b63\u4e49\u3002<\/p>\n\n\n\n<p><em>Tag: Moli\u00e8re, St\u00e9phane Braunschweig, Th\u00e9\u00e2tre national de Strasbourg, <\/em><\/p>\n\n\n\n<figure class=\"wp-block-image is-resized\"><img loading=\"lazy\" decoding=\"async\" src=\"https:\/\/yanntardis.com\/wp-content\/uploads\/2020\/04\/Le_Misanthrope__TNS-640x360.jpg\" alt=\"\" class=\"wp-image-3595\" width=\"500\" height=\"281\" srcset=\"https:\/\/yanntardis.com\/wp-content\/uploads\/2020\/04\/Le_Misanthrope__TNS-640x360.jpg 640w, https:\/\/yanntardis.com\/wp-content\/uploads\/2020\/04\/Le_Misanthrope__TNS-640x360-300x169.jpg 300w\" sizes=\"auto, (max-width: 500px) 100vw, 500px\" \/><\/figure>\n\n\n\n<p><strong><em>Le Misanthrope<\/em><\/strong><\/p>\n\n\n\n<p><strong><em>2020.4.5<\/em><\/strong><\/p>\n\n\n\n<p>\u821e\u53f0\u4e0a\u6709\u4e24\u5757\u8d85\u7ea7\u5927\u7684\u955c\u5b50\uff0c\u4e00\u5f00\u59cb\u7684\u65f6\u5019\u662f\u5e76\u6392\u653e\uff0c\u53ef\u4ee5\u770b\u5230\u6240\u6709\u89c2\u4f17\u7684\u6b63\u9762\uff0c\u540e\u6765\u53d8\u6210\u4e86\u4e92\u76f8\u621090\u5ea6\u5782\u76f4\u3001\u548c\u89c2\u4f17\u621045\u5ea6\u89d2\uff0c\u597d\u50cf\u662f\u4e00\u4e2a\u623f\u95f4\u7684\u4e24\u9762\uff0c\u4ece\u955c\u5b50\u91cc\u53ef\u4ee5\u770b\u5230\u6574\u4e2a\u623f\u95f4\u65e0\u6b7b\u89d2\u7684\u6837\u5b50\u3002<\/p>\n\n\n\n<p>\u6ca1\u6709\u6cd5\u56fd\u559c\u5267\u9662\u7684\u7248\u672c\u597d\u770b\uff0c\u6cd5\u56fd\u559c\u5267\u9662\u7684\u97f3\u4e50\u771f\u7684\u52a0\u5206\u5f88\u591a\uff0c\u5230\u73b0\u5728\u6211\u8fd8\u4f1a\u7ecf\u5e38\u62ffPascal\nSangla\u7684\u6b4c\u6765\u542c\u3002<\/p>\n\n\n\n<p>\u5728\u770b\u6cd5\u56fd\u559c\u5267\u9662\u7684\u7248\u672c\u7684\u65f6\u5019\uff0c\u6211\u8bf4\u7537\u4e3b\u4eba\u516c\u8868\u60c5\u592a\u8fc7\u4e8e\u82e6\u5927\u4ec7\u6df1\u4e0d\u50cf\u662f\u4e00\u90e8\u559c\u5267\uff0c\u800c\u8fd9\u4e2a\u7248\u672c\u91cc\u7684\u7537\u4e3b\u597d\u542c\u542c\u5230\u4e86\u6211\u7684\u8bdd\u4e00\u6837\uff0c\u6574\u4f53\u7684\u611f\u89c9\u6068\u4e16\u7684\u7a0b\u5ea6\u51cf\u5c11\u4e86\u5f88\u591a\uff0c\u4e0d\u65f6\u9732\u51fa\u72e1\u9ee0\u7684\u7b11\u5bb9\uff0c\u8fd9\u4e2a\u4e3b\u4eba\u516c\u7684\u6027\u683c\u597d\u50cf\u4e00\u4e0b\u5b50\u5c31\u4e0d\u4e00\u6837\u4e86\u3002<\/p>\n\n\n\n<p>\u83ab\u91cc\u54c0\u7684\u4f5c\u54c1\u7684\u6bcf\u4e00\u90e8\u6807\u9898\u597d\u50cf\u5c31\u662f\u4e00\u79cd\u4eba\uff0c\u4f46\u662f\u771f\u7684\u770b\u4e0b\u6765\u4f1a\u89c9\u5f97\u5176\u5b9e\u6bcf\u4e00\u4e2a\u4eba\u90fd\u662f\u4ed6\u81ea\u5df1\uff0c\u90fd\u975e\u5e38\u6709\u8840\u6709\u8089\uff0c\u800c\u4e0d\u662f\u67d0\u4e00\u79cd\u4eba\u7684\u6f2b\u753b\u5f0f\u7684\u8868\u73b0\u7684\u5408\u96c6\uff0c\u53cd\u8fc7\u6765\u5012\u662f\u56e0\u4e3a\u8fd9\u4e2a\u4eba\u8fc7\u4e8e\u771f\u5b9e\u548c\u72ec\u7279\uff0c\u4ee5\u81f3\u4e8e\u4ed6\u6210\u4e3a\u4e86\u67d0\u4e00\u79cd\u7c7b\u578b\u7684\u4ee3\u8868\u6216\u8005\u7956\u5e08\u7237\u3002<\/p>\n\n\n\n<p><em>Tag: Moli\u00e8re, St\u00e9phane Braunschweig, Th\u00e9\u00e2tre national de Strasbourg,<\/em><\/p>\n\n\n\n<figure class=\"wp-block-image is-resized\"><img loading=\"lazy\" decoding=\"async\" src=\"https:\/\/yanntardis.com\/wp-content\/uploads\/2020\/04\/lEcole-des-Femmes-SBraunschweig-1024x576.jpg\" alt=\"\" class=\"wp-image-3596\" width=\"500\" height=\"281\" srcset=\"https:\/\/yanntardis.com\/wp-content\/uploads\/2020\/04\/lEcole-des-Femmes-SBraunschweig-1024x576.jpg 1024w, https:\/\/yanntardis.com\/wp-content\/uploads\/2020\/04\/lEcole-des-Femmes-SBraunschweig-300x169.jpg 300w, https:\/\/yanntardis.com\/wp-content\/uploads\/2020\/04\/lEcole-des-Femmes-SBraunschweig-768x432.jpg 768w, https:\/\/yanntardis.com\/wp-content\/uploads\/2020\/04\/lEcole-des-Femmes-SBraunschweig.jpg 1200w\" sizes=\"auto, (max-width: 500px) 100vw, 500px\" \/><\/figure>\n\n\n\n<p><strong><em>L&#8217;\u00e9cole des femmes<\/em><\/strong><\/p>\n\n\n\n<p><strong><em>2020.4.7<\/em><\/strong><\/p>\n\n\n\n<p>\u73b0\u4ee3\u7684\u6539\u7f16\uff0c\u4e00\u5f00\u59cb\u5c31\u662f\u5728\u5065\u8eab\u623f\u3002<\/p>\n\n\n\n<p>\u5929\u771f\u65e0\u8f9c=\u50bb=\u7f8e\u5fb7\uff0c\u90a3\u4e3a\u4ec0\u4e48\u7537\u4e8c\u4e5f\u559c\u6b22\uff0c\u7537\u4e8c\u4e5f\u86ee\u50bb\u767d\u751c\u7684\u3002<\/p>\n\n\n\n<p>\u6050\u6016\u53ef\u7b11\u7684\u5730\u65b9\u4e0d\u4ec5\u4ec5\u662f\u7537\u4e3b\u5bf9\u5b8c\u7f8e\u592a\u592a\u7684\u5b9a\u4e49\uff0c\u800c\u662f\u4ed6\u89c9\u5f97\u81ea\u5df1\u6709\u80fd\u529b\u53ef\u4ee5\u201c\u5236\u9020\/\u6539\u9020\u201d\u51fa\u6765\u4e00\u4e2a\u3002<\/p>\n\n\n\n<p>\u7231\u60c5\u6765\u4e86\uff0c\u5929\u771f\u4e16\u6545\u90fd\u6ca1\u5173\u7cfb\uff0c\u7231\u60c5\u4e0d\u7528\u6559\u3002 <\/p>\n\n\n\n<p><em>Tag: Moli\u00e8re, St\u00e9phane Braunschweig, l&#8217;Od\u00e9on-Th\u00e9\u00e2tre de l&#8217;Europe, <\/em><\/p>\n","protected":false},"excerpt":{"rendered":"<p>\u6cd5\u56fdOd\u00e9on\u5267\u9662\u5b98\u7f51\u5728\u75ab\u60c5\u671f\u95f4\u63a8\u51fa\u4e86Th\u00e9\u00e2tre et canap\u00e9\u7cfb\u5217\uff0c\u628a\u5f88\u591a\u672c\u9662\u5bfc\u6f14, St\u00e9phane Braunschweig\u7684\u4f5c\u54c1\u514d\u8d39\u653e\u5230\u7ebf\u4e0a\u3002\u9996\u5148\u63a8\u51fa\u662f\u83ab\u91cc\u54c0\u7684\u7cfb\u5217\u4f5c\u54c1\u4e09\u90e8\uff0c\u5176\u4e2d\u4e24\u90e8\u662fSt\u00e9phane Braunschweig\u5728Th\u00e9\u00e2tre national de Strasbourg\u7684\u65f6\u5019\u6267\u5bfc\u7684\u4f5c\u54c1\u3002\u66f4\u503c\u5f97\u4e00\u63d0\u7684\u662f\uff0c\u4e09\u90e8\u7684\u7537\u4e3b\u90fd\u662f\u540c\u4e00\u4f4d\u6f14\u5458Claude Duparfait\u51fa\u6f14\u7684\uff0c\u4ece2004\u5e74\u300a\u6068\u4e16\u8005\u300b\u7684Alceste\u52302008\u5e74\u300a\u4f2a\u541b\u5b50\u300b\u7684Orgon\u52302018\u5e74\u300a\u592a\u592a\u5b66\u5802\u300b\u7684Arnolphe\uff0c\u6b63\u597d\u548c\u90a3\u4e48\u591a\u5e74\u6765\u6f14\u5458\u7684\u5e74\u9f84\u589e\u957f\u76f8\u543b\u5408\u3002 \u8fd9\u4e09\u90e8\u6211\u4ee5\u524d\u90fd\u770b\u8fc7\uff0cCOM\u00c9DIE-FRAN\u00c7AISE\u7248\u672c\u7684\u300a\u6068\u4e16\u8005\u300b\u548c\u7acb\u9676\u5b9b\u56fd\u5bb6\u8bdd\u5267\u9662\u7248\u672c\u7684\u300a\u4f2a\u541b\u5b50\u300b\u771f\u7684\u592a\u597d\u770b\u4e86\uff0c\u5df2\u7ecf\u5f88\u96be\u8d85\u8d8a\u4e86\uff0c\u53cd\u5012\u662f\u6cd5\u56fdOd\u00e9on\u5267\u9662\u7248\u672c\u7684\u300a\u592a\u592a\u5b66\u5802\u300b\u5206\u5206\u949f\u6bd4Roumanoff\u5267\u56e2\u7684\u5f3a\u3002 Tartuffe 2020.4.4 \u821e\u53f0\u597d\u773c\u719f\u554a\uff0c\u50cf\u76ae\u5a1c\u7684\u4e00\u652f\u821e\u8e48\u3002 \u6709\u4e00\u4e2a\u91cd\u70b9\u662fTurtuffe\u662f\u6559\u804c\u4eba\u5458\uff0c\u6216\u81f3\u5c11\u662f\u628a\u81ea\u5df1\u548c\u5b97\u6559\u7d27\u5bc6\u76f8\u8054\u7cfb\u7684\u3002\u4f2a\u541b\u5b50\u53ef\u4ee5\u901a\u8fc7\u638c\u6743\u4e00\u65b9\u7684\u52bf\u529b\u6765\u7a7f\u900f\u8fbe\u5230\u81ea\u5df1\u7684\u5229\u76ca\u3002\u4f17\u4eba\u6e05\u9192\uff0c\u552f\u4e00\u6267\u8ff7\u4e0d\u609f\u7684\u662f\u7537\u4e3b\u4ebaArnolphe\u3002\u5982\u679c\u7537\u4e3b\u4eba\u4e0d\u4fe1\u6559\uff0c\u5c31\u4e0d\u4f1a\u4e0a\u5f53\u90a3\u4e48\u6df1\uff1f \u95ee\u9898\u4e0d\u5728\u4e8e\u5982\u4f55\u4e0d\u6210\u4e3a\u4f2a\u541b\u5b50\uff0c\u800c\u662f\u5982\u4f55\u8bc6\u7834\u4f2a\u541b\u5b50\u5bf9\u4ed8\u4f2a\u541b\u5b50\u3002 \u7ed3\u5c40\u6700\u540e10\u5206\u949f\u9006\u8f6c\uff0c\u7528\u4e00\u6bb5\u89c6\u9891\u663e\u793a\u5929\u4e0a\u98de\u6765\u7684\u6b63\u4e49\u3002 Tag: Moli\u00e8re, St\u00e9phane Braunschweig, Th\u00e9\u00e2tre national de Strasbourg, Le Misanthrope 2020.4.5 \u821e\u53f0\u4e0a\u6709\u4e24\u5757\u8d85\u7ea7\u5927\u7684\u955c\u5b50\uff0c\u4e00\u5f00\u59cb\u7684\u65f6\u5019\u662f\u5e76\u6392\u653e\uff0c\u53ef\u4ee5\u770b\u5230\u6240\u6709\u89c2\u4f17\u7684\u6b63\u9762\uff0c\u540e\u6765\u53d8\u6210\u4e86\u4e92\u76f8\u621090\u5ea6\u5782\u76f4\u3001\u548c\u89c2\u4f17\u621045\u5ea6\u89d2\uff0c\u597d\u50cf\u662f\u4e00\u4e2a\u623f\u95f4\u7684\u4e24\u9762\uff0c\u4ece\u955c\u5b50\u91cc\u53ef\u4ee5\u770b\u5230\u6574\u4e2a\u623f\u95f4\u65e0\u6b7b\u89d2\u7684\u6837\u5b50\u3002 \u6ca1\u6709\u6cd5\u56fd\u559c\u5267\u9662\u7684\u7248\u672c\u597d\u770b\uff0c\u6cd5\u56fd\u559c\u5267\u9662\u7684\u97f3\u4e50\u771f\u7684\u52a0\u5206\u5f88\u591a\uff0c\u5230\u73b0\u5728\u6211\u8fd8\u4f1a\u7ecf\u5e38\u62ffPascal Sangla\u7684\u6b4c\u6765\u542c\u3002 \u5728\u770b\u6cd5\u56fd\u559c\u5267\u9662\u7684\u7248\u672c\u7684\u65f6\u5019\uff0c\u6211\u8bf4\u7537\u4e3b\u4eba\u516c\u8868\u60c5\u592a\u8fc7\u4e8e\u82e6\u5927\u4ec7\u6df1\u4e0d\u50cf\u662f\u4e00\u90e8\u559c\u5267\uff0c\u800c\u8fd9\u4e2a\u7248\u672c\u91cc\u7684\u7537\u4e3b\u597d\u542c\u542c\u5230\u4e86\u6211\u7684\u8bdd\u4e00\u6837\uff0c\u6574\u4f53\u7684\u611f\u89c9\u6068\u4e16\u7684\u7a0b\u5ea6\u51cf\u5c11\u4e86\u5f88\u591a\uff0c\u4e0d\u65f6\u9732\u51fa\u72e1\u9ee0\u7684\u7b11\u5bb9\uff0c\u8fd9\u4e2a\u4e3b\u4eba\u516c\u7684\u6027\u683c\u597d\u50cf\u4e00\u4e0b\u5b50\u5c31\u4e0d\u4e00\u6837\u4e86\u3002 \u83ab\u91cc\u54c0\u7684\u4f5c\u54c1\u7684\u6bcf\u4e00\u90e8\u6807\u9898\u597d\u50cf\u5c31\u662f\u4e00\u79cd\u4eba\uff0c\u4f46\u662f\u771f\u7684\u770b\u4e0b\u6765\u4f1a\u89c9\u5f97\u5176\u5b9e\u6bcf\u4e00\u4e2a\u4eba\u90fd\u662f\u4ed6\u81ea\u5df1\uff0c\u90fd\u975e\u5e38\u6709\u8840\u6709\u8089\uff0c\u800c\u4e0d\u662f\u67d0\u4e00\u79cd\u4eba\u7684\u6f2b\u753b\u5f0f\u7684\u8868\u73b0\u7684\u5408\u96c6\uff0c\u53cd\u8fc7\u6765\u5012\u662f\u56e0\u4e3a\u8fd9\u4e2a\u4eba\u8fc7\u4e8e\u771f\u5b9e\u548c\u72ec\u7279\uff0c\u4ee5\u81f3\u4e8e\u4ed6\u6210\u4e3a\u4e86\u67d0\u4e00\u79cd\u7c7b\u578b\u7684\u4ee3\u8868\u6216\u8005\u7956\u5e08\u7237\u3002 Tag: Moli\u00e8re, St\u00e9phane Braunschweig, Th\u00e9\u00e2tre national de Strasbourg, L&#8217;\u00e9cole des femmes 2020.4.7 \u73b0\u4ee3\u7684\u6539\u7f16\uff0c\u4e00\u5f00\u59cb\u5c31\u662f\u5728\u5065\u8eab\u623f\u3002 \u5929\u771f\u65e0\u8f9c=\u50bb=\u7f8e\u5fb7\uff0c\u90a3\u4e3a\u4ec0\u4e48\u7537\u4e8c\u4e5f\u559c\u6b22\uff0c\u7537\u4e8c\u4e5f\u86ee\u50bb\u767d\u751c\u7684\u3002 \u6050\u6016\u53ef\u7b11\u7684\u5730\u65b9\u4e0d\u4ec5\u4ec5\u662f\u7537\u4e3b\u5bf9\u5b8c\u7f8e\u592a\u592a\u7684\u5b9a\u4e49\uff0c\u800c\u662f\u4ed6\u89c9\u5f97\u81ea\u5df1\u6709\u80fd\u529b\u53ef\u4ee5\u201c\u5236\u9020\/\u6539\u9020\u201d\u51fa\u6765\u4e00\u4e2a\u3002 \u7231\u60c5\u6765\u4e86\uff0c\u5929\u771f\u4e16\u6545\u90fd\u6ca1\u5173\u7cfb\uff0c\u7231\u60c5\u4e0d\u7528\u6559\u3002 Tag: Moli\u00e8re, St\u00e9phane Braunschweig, l&#8217;Od\u00e9on-Th\u00e9\u00e2tre de [&hellip;]<\/p>\n","protected":false},"author":1,"featured_media":0,"comment_status":"closed","ping_status":"open","sticky":false,"template":"","format":"standard","meta":{"footnotes":""},"categories":[488],"tags":[1305,654,1304,1302,1303],"class_list":["post-3593","post","type-post","status-publish","format-standard","hentry","category-488","tag-lodeon-theatre-de-leurope","tag-moliere","tag-stephane-braunschweig","tag-theatrechallenge2020s","tag-theatre-national-de-strasbourg"],"_links":{"self":[{"href":"https:\/\/yanntardis.com\/index.php?rest_route=\/wp\/v2\/posts\/3593","targetHints":{"allow":["GET"]}}],"collection":[{"href":"https:\/\/yanntardis.com\/index.php?rest_route=\/wp\/v2\/posts"}],"about":[{"href":"https:\/\/yanntardis.com\/index.php?rest_route=\/wp\/v2\/types\/post"}],"author":[{"embeddable":true,"href":"https:\/\/yanntardis.com\/index.php?rest_route=\/wp\/v2\/users\/1"}],"replies":[{"embeddable":true,"href":"https:\/\/yanntardis.com\/index.php?rest_route=%2Fwp%2Fv2%2Fcomments&post=3593"}],"version-history":[{"count":0,"href":"https:\/\/yanntardis.com\/index.php?rest_route=\/wp\/v2\/posts\/3593\/revisions"}],"wp:attachment":[{"href":"https:\/\/yanntardis.com\/index.php?rest_route=%2Fwp%2Fv2%2Fmedia&parent=3593"}],"wp:term":[{"taxonomy":"category","embeddable":true,"href":"https:\/\/yanntardis.com\/index.php?rest_route=%2Fwp%2Fv2%2Fcategories&post=3593"},{"taxonomy":"post_tag","embeddable":true,"href":"https:\/\/yanntardis.com\/index.php?rest_route=%2Fwp%2Fv2%2Ftags&post=3593"}],"curies":[{"name":"wp","href":"https:\/\/api.w.org\/{rel}","templated":true}]}}